{"id":330,"date":"2013-10-14T09:53:04","date_gmt":"2013-10-14T09:53:04","guid":{"rendered":"http:\/\/www.mahmuttalhakoz.com\/blog\/?p=330"},"modified":"2013-10-14T10:02:36","modified_gmt":"2013-10-14T10:02:36","slug":"yunus-emre","status":"publish","type":"post","link":"https:\/\/www.mahmuttalhakoz.com\/blog\/index.php\/2013\/10\/14\/yunus-emre\/","title":{"rendered":"Yunus Emre"},"content":{"rendered":"<p>Teferr\u00fc\u00e7 eyleyu vard\u0131m, sabah\u0131n sinleri g\u00f6rd\u00fcm<br \/>\nKar\u0131\u015fm\u0131\u015f kara topra\u011fa, \u015fu nazik tenleri g\u00f6rd\u00fcm<br \/>\n\u00c7\u00fcr\u00fcm\u00fc\u015f toprak olmu\u015f ten, sin i\u00e7inde yatar pinhan<br \/>\nBo\u015fanm\u0131\u015f damar, akm\u0131\u015f kan, batm\u0131\u015f kefenleri g\u00f6rd\u00fcm<br \/>\nY\u0131k\u0131lm\u0131\u015f sinleri dolmu\u015f, evleri belirsiz olmu\u015f<br \/>\nKamu endi\u015feden kalm\u0131\u015f, ne d\u00fc\u015f var halleri g\u00f6rd\u00fcm<br \/>\nYaylalar yaylamaz olmu\u015f, k\u0131\u015flalar k\u0131\u015flamaz olmu\u015f<br \/>\nBar tutmu\u015f, s\u00f6ylemez olmu\u015f, a\u011f\u0131zda dilleri g\u00f6rd\u00fcm<br \/>\nKimisi zevk-\u00fc i\u015farette, kimi saz-\u00fc be\u015farette<br \/>\nKimi bela v\u00fc mihnette, d\u00fcn olmu\u015f g\u00fcnleri g\u00f6rd\u00fcm<br \/>\nSo\u011fulmu\u015f \u015fol kara g\u00f6zler, belirsiz olmu\u015f ay y\u00fczler<br \/>\nKara topra\u011f\u0131n alt\u0131nda, g\u00fcl deren elleri g\u00f6rd\u00fcm<br \/>\nKimisi boynunu e\u011fmi\u015f, tenini topra\u011fa salm\u0131\u015f<br \/>\nAnas\u0131na k\u00fcs\u00fcp gitmi\u015f, boynunu buranlar\u0131 g\u00f6rd\u00fcm<br \/>\nKimi zari k\u0131l\u0131p a\u011flar, zebaniler can\u0131n da\u011flar<br \/>\nTutu\u015fmu\u015f sinleri oda, \u00e7\u0131kan t\u00fct\u00fcnleri g\u00f6rd\u00fcm<br \/>\nYunus bunu kanda g\u00f6rd\u00fc, gelip bize haber verdi<br \/>\nAkl\u0131m vard\u0131, dilim \u015fa\u015ft\u0131; nitekim \u015funlar\u0131 g\u00f6rd\u00fcm<\/p>\n<p>Burada &#8220;akl\u0131m vard\u0131, dilim \u015fa\u015ft\u0131&#8221; diyen Yunus, b\u00fcy\u00fck ihtimalle ger\u00e7ekle\u015fen toplu \u00f6l\u00fcm hadisesine, belki Mo\u011fol eliyle k\u0131l\u0131\u00e7tan ge\u00e7irilmi\u015f bir insan toplulu\u011funun \u00f6l\u00fcm\u00fcne tan\u0131kl\u0131k etmi\u015ftir. (Kaynak : Yunus Emre\/Tutku Yay\u0131nevi, Sayfa : 100-101)<\/p>\n","protected":false},"excerpt":{"rendered":"<p>Teferr\u00fc\u00e7 eyleyu vard\u0131m, sabah\u0131n sinleri g\u00f6rd\u00fcm Kar\u0131\u015fm\u0131\u015f kara topra\u011fa, \u015fu nazik tenleri g\u00f6rd\u00fcm \u00c7\u00fcr\u00fcm\u00fc\u015f toprak olmu\u015f ten, sin i\u00e7inde yatar pinhan Bo\u015fanm\u0131\u015f damar, akm\u0131\u015f kan,<\/p>\n","protected":false},"author":1,"featured_media":0,"comment_status":"open","ping_status":"closed","sticky":false,"template":"","format":"standard","meta":{"footnotes":""},"categories":[20],"tags":[149,150],"class_list":["post-330","post","type-post","status-publish","format-standard","hentry","category-diger","tag-teferruc-eyleyu-vardim","tag-yunus-emre"],"_links":{"self":[{"href":"https:\/\/www.mahmuttalhakoz.com\/blog\/index.php\/wp-json\/wp\/v2\/posts\/330"}],"collection":[{"href":"https:\/\/www.mahmuttalhakoz.com\/blog\/index.php\/wp-json\/wp\/v2\/posts"}],"about":[{"href":"https:\/\/www.mahmuttalhakoz.com\/blog\/index.php\/wp-json\/wp\/v2\/types\/post"}],"author":[{"embeddable":true,"href":"https:\/\/www.mahmuttalhakoz.com\/blog\/index.php\/wp-json\/wp\/v2\/users\/1"}],"replies":[{"embeddable":true,"href":"https:\/\/www.mahmuttalhakoz.com\/blog\/index.php\/wp-json\/wp\/v2\/comments?post=330"}],"version-history":[{"count":3,"href":"https:\/\/www.mahmuttalhakoz.com\/blog\/index.php\/wp-json\/wp\/v2\/posts\/330\/revisions"}],"predecessor-version":[{"id":333,"href":"https:\/\/www.mahmuttalhakoz.com\/blog\/index.php\/wp-json\/wp\/v2\/posts\/330\/revisions\/333"}],"wp:attachment":[{"href":"https:\/\/www.mahmuttalhakoz.com\/blog\/index.php\/wp-json\/wp\/v2\/media?parent=330"}],"wp:term":[{"taxonomy":"category","embeddable":true,"href":"https:\/\/www.mahmuttalhakoz.com\/blog\/index.php\/wp-json\/wp\/v2\/categories?post=330"},{"taxonomy":"post_tag","embeddable":true,"href":"https:\/\/www.mahmuttalhakoz.com\/blog\/index.php\/wp-json\/wp\/v2\/tags?post=330"}],"curies":[{"name":"wp","href":"https:\/\/api.w.org\/{rel}","templated":true}]}}